{"id":466,"date":"2019-08-03T22:29:28","date_gmt":"2019-08-03T20:29:28","guid":{"rendered":"http:\/\/www.olsvikskolekorps.no\/?p=466"},"modified":"2019-08-03T22:29:28","modified_gmt":"2019-08-03T20:29:28","slug":"sommertur-til-korpsfestival-i-italia-2019","status":"publish","type":"post","link":"http:\/\/www.olsvikskolekorps.no\/?p=466","title":{"rendered":"Sommertur til korpsfestival i Italia 2019!"},"content":{"rendered":"\n<div class=\"wp-block-image\"><figure class=\"alignleft is-resized\"><img decoding=\"async\" loading=\"lazy\" src=\"http:\/\/www.olsvikskolekorps.no\/wp-content\/uploads\/Tskjorter-Italia-1024x779.jpg\" alt=\"\" class=\"wp-image-467\" width=\"250\" height=\"190\" srcset=\"http:\/\/www.olsvikskolekorps.no\/wp-content\/uploads\/Tskjorter-Italia-1024x779.jpg 1024w, http:\/\/www.olsvikskolekorps.no\/wp-content\/uploads\/Tskjorter-Italia-300x228.jpg 300w, http:\/\/www.olsvikskolekorps.no\/wp-content\/uploads\/Tskjorter-Italia-768x585.jpg 768w, http:\/\/www.olsvikskolekorps.no\/wp-content\/uploads\/Tskjorter-Italia-624x475.jpg 624w, http:\/\/www.olsvikskolekorps.no\/wp-content\/uploads\/Tskjorter-Italia.jpg 1080w\" sizes=\"(max-width: 250px) 100vw, 250px\" \/><figcaption><strong>Tusen takk til Lions Club Bergen Vest for st\u00f8tte til flotte T-skjorter!<\/strong> <br><br><\/figcaption><\/figure><\/div>\n\n\n\n<p>Vestawind (Olsvik skolekorps og Musikklaget Fjellklang) hadde en fantastisk tur til Italia i sommer! Det ble masse bading og sosiale aktiviteter,  spilling og kjekke konserter med flott musikk, tur til Verona og Sirmione, g\u00f8y i Gardaland og mye mer! For en fantastisk gjeng \u00e5 v\u00e6re en del av!<\/p>\n\n\n\n<ul class=\"is-layout-flex wp-block-gallery-1 wp-block-gallery columns-3 is-cropped\"><li class=\"blocks-gallery-item\"><figure><img decoding=\"async\" loading=\"lazy\" width=\"750\" height=\"547\" src=\"http:\/\/www.olsvikskolekorps.no\/wp-content\/uploads\/Sirmione4.jpg\" alt=\"\" data-id=\"477\" data-link=\"http:\/\/www.olsvikskolekorps.no\/?attachment_id=477\" class=\"wp-image-477\" srcset=\"http:\/\/www.olsvikskolekorps.no\/wp-content\/uploads\/Sirmione4.jpg 750w, http:\/\/www.olsvikskolekorps.no\/wp-content\/uploads\/Sirmione4-300x219.jpg 300w, http:\/\/www.olsvikskolekorps.no\/wp-content\/uploads\/Sirmione4-624x455.jpg 624w\" sizes=\"(max-width: 750px) 100vw, 750px\" \/><\/figure><\/li><li class=\"blocks-gallery-item\"><figure><img decoding=\"async\" loading=\"lazy\" width=\"750\" height=\"548\" src=\"http:\/\/www.olsvikskolekorps.no\/wp-content\/uploads\/Sirmione-3.jpg\" alt=\"\" data-id=\"479\" data-link=\"http:\/\/www.olsvikskolekorps.no\/?attachment_id=479\" class=\"wp-image-479\" srcset=\"http:\/\/www.olsvikskolekorps.no\/wp-content\/uploads\/Sirmione-3.jpg 750w, http:\/\/www.olsvikskolekorps.no\/wp-content\/uploads\/Sirmione-3-300x219.jpg 300w, http:\/\/www.olsvikskolekorps.no\/wp-content\/uploads\/Sirmione-3-624x456.jpg 624w\" sizes=\"(max-width: 750px) 100vw, 750px\" \/><\/figure><\/li><li class=\"blocks-gallery-item\"><figure><img decoding=\"async\" loading=\"lazy\" width=\"908\" height=\"691\" src=\"http:\/\/www.olsvikskolekorps.no\/wp-content\/uploads\/Verona-3.jpg\" alt=\"\" data-id=\"483\" data-link=\"http:\/\/www.olsvikskolekorps.no\/?attachment_id=483\" class=\"wp-image-483\" srcset=\"http:\/\/www.olsvikskolekorps.no\/wp-content\/uploads\/Verona-3.jpg 908w, http:\/\/www.olsvikskolekorps.no\/wp-content\/uploads\/Verona-3-300x228.jpg 300w, http:\/\/www.olsvikskolekorps.no\/wp-content\/uploads\/Verona-3-768x584.jpg 768w, http:\/\/www.olsvikskolekorps.no\/wp-content\/uploads\/Verona-3-624x475.jpg 624w\" sizes=\"(max-width: 908px) 100vw, 908px\" \/><\/figure><\/li><li class=\"blocks-gallery-item\"><figure><img decoding=\"async\" loading=\"lazy\" width=\"1024\" height=\"576\" src=\"http:\/\/www.olsvikskolekorps.no\/wp-content\/uploads\/Gardaland-4-1024x576.png\" alt=\"\" data-id=\"484\" data-link=\"http:\/\/www.olsvikskolekorps.no\/?attachment_id=484\" class=\"wp-image-484\" srcset=\"http:\/\/www.olsvikskolekorps.no\/wp-content\/uploads\/Gardaland-4-1024x576.png 1024w, http:\/\/www.olsvikskolekorps.no\/wp-content\/uploads\/Gardaland-4-300x169.png 300w, http:\/\/www.olsvikskolekorps.no\/wp-content\/uploads\/Gardaland-4-768x432.png 768w, http:\/\/www.olsvikskolekorps.no\/wp-content\/uploads\/Gardaland-4-624x351.png 624w, http:\/\/www.olsvikskolekorps.no\/wp-content\/uploads\/Gardaland-4.png 1334w\" sizes=\"(max-width: 1024px) 100vw, 1024px\" \/><\/figure><\/li><\/ul>\n\n\n\n<p><\/p>\n","protected":false},"excerpt":{"rendered":"<p>Vestawind (Olsvik skolekorps og Musikklaget Fjellklang) hadde en fantastisk tur til Italia i sommer! Det ble masse bading og sosiale aktiviteter, spilling og kjekke konserter med flott musikk, tur til Verona og Sirmione, g\u00f8y i Gardaland og mye mer! For en fantastisk gjeng \u00e5 v\u00e6re en del av!<\/p>\n","protected":false},"author":5,"featured_media":0,"comment_status":"closed","ping_status":"closed","sticky":false,"template":"","format":"standard","meta":[],"categories":[1],"tags":[],"_links":{"self":[{"href":"http:\/\/www.olsvikskolekorps.no\/index.php?rest_route=\/wp\/v2\/posts\/466"}],"collection":[{"href":"http:\/\/www.olsvikskolekorps.no\/index.php?rest_route=\/wp\/v2\/posts"}],"about":[{"href":"http:\/\/www.olsvikskolekorps.no\/index.php?rest_route=\/wp\/v2\/types\/post"}],"author":[{"embeddable":true,"href":"http:\/\/www.olsvikskolekorps.no\/index.php?rest_route=\/wp\/v2\/users\/5"}],"replies":[{"embeddable":true,"href":"http:\/\/www.olsvikskolekorps.no\/index.php?rest_route=%2Fwp%2Fv2%2Fcomments&post=466"}],"version-history":[{"count":6,"href":"http:\/\/www.olsvikskolekorps.no\/index.php?rest_route=\/wp\/v2\/posts\/466\/revisions"}],"predecessor-version":[{"id":487,"href":"http:\/\/www.olsvikskolekorps.no\/index.php?rest_route=\/wp\/v2\/posts\/466\/revisions\/487"}],"wp:attachment":[{"href":"http:\/\/www.olsvikskolekorps.no\/index.php?rest_route=%2Fwp%2Fv2%2Fmedia&parent=466"}],"wp:term":[{"taxonomy":"category","embeddable":true,"href":"http:\/\/www.olsvikskolekorps.no\/index.php?rest_route=%2Fwp%2Fv2%2Fcategories&post=466"},{"taxonomy":"post_tag","embeddable":true,"href":"http:\/\/www.olsvikskolekorps.no\/index.php?rest_route=%2Fwp%2Fv2%2Ftags&post=466"}],"curies":[{"name":"wp","href":"https:\/\/api.w.org\/{rel}","templated":true}]}}