{"id":344,"date":"2016-04-10T23:31:28","date_gmt":"2016-04-10T21:31:28","guid":{"rendered":"http:\/\/www.olsvikskolekorps.no\/?p=344"},"modified":"2016-04-10T23:31:28","modified_gmt":"2016-04-10T21:31:28","slug":"hordablaesten-2016","status":"publish","type":"post","link":"http:\/\/www.olsvikskolekorps.no\/?p=344","title":{"rendered":"Hordabl\u00e6sten 2016"},"content":{"rendered":"<p>I\u00a0<img decoding=\"async\" loading=\"lazy\" class=\" wp-image-345 alignleft\" src=\"http:\/\/www.olsvikskolekorps.no\/wp-content\/uploads\/20160410_211806-e1460323608938-169x300.jpg\" alt=\"20160410_211806\" width=\"185\" height=\"328\" srcset=\"http:\/\/www.olsvikskolekorps.no\/wp-content\/uploads\/20160410_211806-e1460323608938-169x300.jpg 169w, http:\/\/www.olsvikskolekorps.no\/wp-content\/uploads\/20160410_211806-e1460323608938-768x1365.jpg 768w, http:\/\/www.olsvikskolekorps.no\/wp-content\/uploads\/20160410_211806-e1460323608938-576x1024.jpg 576w, http:\/\/www.olsvikskolekorps.no\/wp-content\/uploads\/20160410_211806-e1460323608938-624x1109.jpg 624w\" sizes=\"(max-width: 185px) 100vw, 185px\" \/>helgen ble Hordabl\u00e6sten arrangert i Grieghallen. Vestawind spilte kjempebra og kom p\u00e5 en flott 3. plass i 2.divisjon, med 92 poeng. Vestawind best\u00e5r av hovedkorpsmusikantene i Olsvik skolekorps og Musikklaget Fjellklang. Det var ogs\u00e5 mange flotte soloprestasjoner og ensembler \u00e5 h\u00f8re denne helgen. Vi gleder oss til \u00e5 h\u00f8re mer fra den fantastiske gjengen i Vestawind n\u00e5r vi i juni drar til NM i Larvik!\u00a0<img decoding=\"async\" loading=\"lazy\" class=\"wp-image-346 alignright\" src=\"http:\/\/www.olsvikskolekorps.no\/wp-content\/uploads\/20160410_133128-300x169.jpg\" alt=\"20160410_133128\" width=\"283\" height=\"159\" srcset=\"http:\/\/www.olsvikskolekorps.no\/wp-content\/uploads\/20160410_133128-300x169.jpg 300w, http:\/\/www.olsvikskolekorps.no\/wp-content\/uploads\/20160410_133128-768x432.jpg 768w, http:\/\/www.olsvikskolekorps.no\/wp-content\/uploads\/20160410_133128-1024x576.jpg 1024w, http:\/\/www.olsvikskolekorps.no\/wp-content\/uploads\/20160410_133128-624x351.jpg 624w\" sizes=\"(max-width: 283px) 100vw, 283px\" \/><\/p>\n","protected":false},"excerpt":{"rendered":"<p>I\u00a0helgen ble Hordabl\u00e6sten arrangert i Grieghallen. Vestawind spilte kjempebra og kom p\u00e5 en flott 3. plass i 2.divisjon, med 92 poeng. Vestawind best\u00e5r av hovedkorpsmusikantene i Olsvik skolekorps og Musikklaget Fjellklang. Det var ogs\u00e5 mange flotte soloprestasjoner og ensembler \u00e5 h\u00f8re denne helgen. Vi gleder oss til \u00e5 h\u00f8re mer fra den fantastiske gjengen i [&hellip;]<\/p>\n","protected":false},"author":5,"featured_media":0,"comment_status":"closed","ping_status":"closed","sticky":false,"template":"","format":"standard","meta":[],"categories":[1],"tags":[],"_links":{"self":[{"href":"http:\/\/www.olsvikskolekorps.no\/index.php?rest_route=\/wp\/v2\/posts\/344"}],"collection":[{"href":"http:\/\/www.olsvikskolekorps.no\/index.php?rest_route=\/wp\/v2\/posts"}],"about":[{"href":"http:\/\/www.olsvikskolekorps.no\/index.php?rest_route=\/wp\/v2\/types\/post"}],"author":[{"embeddable":true,"href":"http:\/\/www.olsvikskolekorps.no\/index.php?rest_route=\/wp\/v2\/users\/5"}],"replies":[{"embeddable":true,"href":"http:\/\/www.olsvikskolekorps.no\/index.php?rest_route=%2Fwp%2Fv2%2Fcomments&post=344"}],"version-history":[{"count":2,"href":"http:\/\/www.olsvikskolekorps.no\/index.php?rest_route=\/wp\/v2\/posts\/344\/revisions"}],"predecessor-version":[{"id":348,"href":"http:\/\/www.olsvikskolekorps.no\/index.php?rest_route=\/wp\/v2\/posts\/344\/revisions\/348"}],"wp:attachment":[{"href":"http:\/\/www.olsvikskolekorps.no\/index.php?rest_route=%2Fwp%2Fv2%2Fmedia&parent=344"}],"wp:term":[{"taxonomy":"category","embeddable":true,"href":"http:\/\/www.olsvikskolekorps.no\/index.php?rest_route=%2Fwp%2Fv2%2Fcategories&post=344"},{"taxonomy":"post_tag","embeddable":true,"href":"http:\/\/www.olsvikskolekorps.no\/index.php?rest_route=%2Fwp%2Fv2%2Ftags&post=344"}],"curies":[{"name":"wp","href":"https:\/\/api.w.org\/{rel}","templated":true}]}}